
{"id":551,"count":6,"description":"","link":"https:\/\/www.ebro-armaturen.com\/hu\/ecff_bauart\/klapa-z-kolnierzem-przylaczeniowym\/","name":"Klapa z\u00a0ko\u0142nierzem przy\u0142\u0105czeniowym","slug":"klapa-z-kolnierzem-przylaczeniowym","taxonomy":"ecff_bauart","parent":0,"meta":[],"acf":[],"_links":{"self":[{"href":"https:\/\/www.ebro-armaturen.com\/hu\/wp-json\/wp\/v2\/ecff_bauart\/551"}],"collection":[{"href":"https:\/\/www.ebro-armaturen.com\/hu\/wp-json\/wp\/v2\/ecff_bauart"}],"about":[{"href":"https:\/\/www.ebro-armaturen.com\/hu\/wp-json\/wp\/v2\/taxonomies\/ecff_bauart"}],"wp:post_type":[{"href":"https:\/\/www.ebro-armaturen.com\/hu\/wp-json\/wp\/v2\/ecff_document?ecff_bauart=551"}],"curies":[{"name":"wp","href":"https:\/\/api.w.org\/{rel}","templated":true}]}}